{"id":58,"date":"2013-11-24T15:51:57","date_gmt":"2013-11-24T13:51:57","guid":{"rendered":"http:\/\/www.andreawiesli.ch\/?p=58"},"modified":"2026-01-14T23:42:02","modified_gmt":"2026-01-14T21:42:02","slug":"musik-zur-ausstellung-ueber-hans-huber","status":"publish","type":"post","link":"https:\/\/www.andreawiesli.ch\/?p=58","title":{"rendered":"F\u00fcnf Sterne f\u00fcr meine neue CD mit Klaviermusik von Hans Huber (Solo musica)"},"content":{"rendered":"\n<p class=\"has-medium-font-size\"><\/p>\n\n\n\n<h4 class=\"wp-block-heading\">F\u00fcnf-Sterne-Bewertung in der NZZ am Sonntag von Manfred Papst: &#8222;Andrea Wiesli interpretiert Hubers eing\u00e4ngige Kompositionen mit Temperament, subtiler Anschlagskultur und viel Sinn f\u00fcr den Zauber einer versunkenen sp\u00e4tromantischen Welt.&#8220;<\/h4>\n\n\n\n<p><\/p>\n\n\n\n<h4 class=\"wp-block-heading\">Hier geht&#8217;s zur SRF2-Ausstrahlung &#8222;Zum Klingental gebracht: Andrea Wiesli mit Musik von Hans Huber&#8220; <a href=\"https:\/\/www.srf.ch\/audio\/ch-musik\/zum-klingental-gebracht-andrea-wiesli-mit-musik-von-hans-huber?id=AUDI20250928_RS_0003\">https:\/\/www.srf.ch\/audio\/ch-musik\/zum-klingental-gebracht-andrea-wiesli-mit-musik-von-hans-huber?id=AUDI20250928_RS_0003<\/a><\/h4>\n\n\n\n<p class=\"has-medium-font-size\"><\/p>\n\n\n\n<p><\/p>\n\n\n\n<p class=\"has-medium-font-size\"><\/p>\n\n\n\n<p class=\"has-medium-font-size\"><\/p>\n","protected":false},"excerpt":{"rendered":"<p>F\u00fcnf-Sterne-Bewertung in der NZZ am Sonntag von Manfred Papst: &#8222;Andrea Wiesli interpretiert&#8230;<\/p>\n","protected":false},"author":2,"featured_media":0,"comment_status":"closed","ping_status":"closed","sticky":false,"template":"","format":"gallery","meta":{"footnotes":""},"categories":[1],"tags":[],"class_list":["post-58","post","type-post","status-publish","format-gallery","hentry","category-allgemein","post_format-post-format-gallery"],"_links":{"self":[{"href":"https:\/\/www.andreawiesli.ch\/index.php?rest_route=\/wp\/v2\/posts\/58","targetHints":{"allow":["GET"]}}],"collection":[{"href":"https:\/\/www.andreawiesli.ch\/index.php?rest_route=\/wp\/v2\/posts"}],"about":[{"href":"https:\/\/www.andreawiesli.ch\/index.php?rest_route=\/wp\/v2\/types\/post"}],"author":[{"embeddable":true,"href":"https:\/\/www.andreawiesli.ch\/index.php?rest_route=\/wp\/v2\/users\/2"}],"replies":[{"embeddable":true,"href":"https:\/\/www.andreawiesli.ch\/index.php?rest_route=%2Fwp%2Fv2%2Fcomments&post=58"}],"version-history":[{"count":100,"href":"https:\/\/www.andreawiesli.ch\/index.php?rest_route=\/wp\/v2\/posts\/58\/revisions"}],"predecessor-version":[{"id":3043,"href":"https:\/\/www.andreawiesli.ch\/index.php?rest_route=\/wp\/v2\/posts\/58\/revisions\/3043"}],"wp:attachment":[{"href":"https:\/\/www.andreawiesli.ch\/index.php?rest_route=%2Fwp%2Fv2%2Fmedia&parent=58"}],"wp:term":[{"taxonomy":"category","embeddable":true,"href":"https:\/\/www.andreawiesli.ch\/index.php?rest_route=%2Fwp%2Fv2%2Fcategories&post=58"},{"taxonomy":"post_tag","embeddable":true,"href":"https:\/\/www.andreawiesli.ch\/index.php?rest_route=%2Fwp%2Fv2%2Ftags&post=58"}],"curies":[{"name":"wp","href":"https:\/\/api.w.org\/{rel}","templated":true}]}}